{"id":982,"date":"2023-04-25T11:04:35","date_gmt":"2023-04-25T09:04:35","guid":{"rendered":"https:\/\/empower4pandemias.eu\/?p=982"},"modified":"2024-04-18T00:18:18","modified_gmt":"2024-04-17T22:18:18","slug":"reuniao-do-projeto-em-portugal","status":"publish","type":"post","link":"https:\/\/empower4pandemias.eu\/pt-pt\/reuniao-do-projeto-em-portugal\/","title":{"rendered":"Reuni\u00e3o do Projeto em Portugal"},"content":{"rendered":"\n<p>Na semana passada a equipa do projeto empower4pandemias teve uma produtiva reuni\u00e3o no Porto, nas instala\u00e7\u00f5es do lindo mercado do Bolh\u00e3o!<\/p>\n\n\n\n<p>A nossa equipa trabalhou no desenvolvimento de uma <strong>ferramenta de avalia\u00e7\u00e3o da resili\u00eancia individual<\/strong> e tivemos o prazer de testar o primeiro rascunho com sucesso. Al\u00e9m disso, tivemos discuss\u00f5es esclarecedoras sobre a <strong>avalia\u00e7\u00e3o da resili\u00eancia organizacional<\/strong> e lan\u00e7amos as bases para o nosso <strong>programa de forma\u00e7\u00e3o em resili\u00eancia.<\/strong><\/p>\n\n\n\n<p>Foi uma reuni\u00e3o bem-sucedida e estamos entusiasmados com o progresso que fizemos em dire\u00e7\u00e3o ao nosso objetivo de capacitar indiv\u00edduos e organiza\u00e7\u00f5es para desenvolverem resili\u00eancia durante pandemias. Estamos ansiosos para partilhar mais atualiza\u00e7\u00f5es com a nossa comunidade e colaborar com indiv\u00edduos e organiza\u00e7\u00f5es.<\/p>\n\n\n\n<p>Est\u00e1 interessado na nossa avalia\u00e7\u00e3o de resili\u00eancia ou no programa de forma\u00e7\u00e3o? Tem alguma pergunta? Escreva-nos um e-mail info[at]empower4pandemias.eu<\/p>\n","protected":false},"excerpt":{"rendered":"<p>Na semana passada a equipa do projeto empower4pandemias teve uma produtiva reuni\u00e3o no Porto, nas instala\u00e7\u00f5es do lindo mercado do Bolh\u00e3o! A nossa equipa trabalhou no desenvolvimento de uma ferramenta de avalia\u00e7\u00e3o da resili\u00eancia individual e tivemos o prazer de testar o primeiro rascunho com sucesso. Al\u00e9m disso, tivemos discuss\u00f5es esclarecedoras sobre a avalia\u00e7\u00e3o da&hellip;&nbsp;<a href=\"https:\/\/empower4pandemias.eu\/pt-pt\/reuniao-do-projeto-em-portugal\/\" rel=\"bookmark\">Ler mais &raquo;<span class=\"screen-reader-text\">Reuni\u00e3o do Projeto em Portugal<\/span><\/a><\/p>\n","protected":false},"author":5,"featured_media":494,"comment_status":"closed","ping_status":"closed","sticky":false,"template":"","format":"standard","meta":{"neve_meta_sidebar":"","neve_meta_container":"","neve_meta_enable_content_width":"","neve_meta_content_width":0,"neve_meta_title_alignment":"","neve_meta_author_avatar":"","neve_post_elements_order":"","neve_meta_disable_header":"","neve_meta_disable_footer":"","neve_meta_disable_title":"","_themeisle_gutenberg_block_has_review":false,"footnotes":""},"categories":[10],"tags":[],"class_list":["post-982","post","type-post","status-publish","format-standard","has-post-thumbnail","hentry","category-sem-categoria"],"_links":{"self":[{"href":"https:\/\/empower4pandemias.eu\/pt-pt\/wp-json\/wp\/v2\/posts\/982","targetHints":{"allow":["GET"]}}],"collection":[{"href":"https:\/\/empower4pandemias.eu\/pt-pt\/wp-json\/wp\/v2\/posts"}],"about":[{"href":"https:\/\/empower4pandemias.eu\/pt-pt\/wp-json\/wp\/v2\/types\/post"}],"author":[{"embeddable":true,"href":"https:\/\/empower4pandemias.eu\/pt-pt\/wp-json\/wp\/v2\/users\/5"}],"replies":[{"embeddable":true,"href":"https:\/\/empower4pandemias.eu\/pt-pt\/wp-json\/wp\/v2\/comments?post=982"}],"version-history":[{"count":1,"href":"https:\/\/empower4pandemias.eu\/pt-pt\/wp-json\/wp\/v2\/posts\/982\/revisions"}],"predecessor-version":[{"id":983,"href":"https:\/\/empower4pandemias.eu\/pt-pt\/wp-json\/wp\/v2\/posts\/982\/revisions\/983"}],"wp:featuredmedia":[{"embeddable":true,"href":"https:\/\/empower4pandemias.eu\/pt-pt\/wp-json\/wp\/v2\/media\/494"}],"wp:attachment":[{"href":"https:\/\/empower4pandemias.eu\/pt-pt\/wp-json\/wp\/v2\/media?parent=982"}],"wp:term":[{"taxonomy":"category","embeddable":true,"href":"https:\/\/empower4pandemias.eu\/pt-pt\/wp-json\/wp\/v2\/categories?post=982"},{"taxonomy":"post_tag","embeddable":true,"href":"https:\/\/empower4pandemias.eu\/pt-pt\/wp-json\/wp\/v2\/tags?post=982"}],"curies":[{"name":"wp","href":"https:\/\/api.w.org\/{rel}","templated":true}]}}