{"id":947,"date":"2022-07-04T19:05:00","date_gmt":"2022-07-04T17:05:00","guid":{"rendered":"https:\/\/empower4pandemias.eu\/?p=947"},"modified":"2024-04-17T22:15:27","modified_gmt":"2024-04-17T20:15:27","slug":"projeto-emocionante-na-umit-hall-com-participacao-internacional","status":"publish","type":"post","link":"https:\/\/empower4pandemias.eu\/pt-pt\/projeto-emocionante-na-umit-hall-com-participacao-internacional\/","title":{"rendered":"Projeto entusiasmante na UMIT Hall com participa\u00e7\u00e3o internacional"},"content":{"rendered":"\n<h4 class=\"wp-block-heading\"><strong><strong><strong>A UMIT TIROL est\u00e1 a desenvolver um programa de forma\u00e7\u00e3o para refor\u00e7ar a resili\u00eancia mental com parceiros internacionais<\/strong><\/strong>.<\/strong><\/h4>\n\n\n\n<p>Publicado em <a href=\"https:\/\/www.meinbezirk.at\/hall-rum\/c-wirtschaft\/spannendes-projekt-an-der-umit-hall-mit-internationaler-beteiligung_a5450557#gallery=null\" target=\"_blank\" rel=\"noreferrer noopener\">meinbezirk.at<\/a><\/p>\n\n\n\n<p>HALL. No final de junho de 2022, os parceiros do projeto financiado pelo programa Erasmus+ &#8220;Empowerment for Pandemias&#8221; reuniram-se no campus universit\u00e1rio da UMIT TIROL em Hall. Seguindo o lema &#8220;For Stronger Organisations and a Stronger You&#8221;, ser\u00e1 desenvolvido at\u00e9 2024 um programa de forma\u00e7\u00e3o cont\u00ednua para refor\u00e7ar a resili\u00eancia individual e organizacional em tempos de crise para profissionais de sa\u00fade. &#8220;Estamos satisfeitos com a resposta positiva da Ag\u00eancia para a Educa\u00e7\u00e3o e a Internacionaliza\u00e7\u00e3o (OeAD) ao financiar a nossa ideia de projeto durante tr\u00eas anos&#8221;, afirma a Prof. Dra. Margit Raich, que assume a gest\u00e3o do projeto em nome da universidade UMIT TIROL. &#8220;Somos uma equipa altamente motivada e interdisciplinar que ir\u00e1 criar esta forma\u00e7\u00e3o em estreita coopera\u00e7\u00e3o com v\u00e1rios grupos de partes interessadas nos pa\u00edses parceiros&#8221;, refere a l\u00edder do projeto. A implementa\u00e7\u00e3o \u00e9 efectuada em conjunto com a Universidade de Gloucestershire, o Instituto de Tecnologia de Deggendorf, a Academia Europeia de Bolzano, a Hafelekar Corporate Consulting Schober GmbH e o parceiro portugu\u00eas Immersive Lab Lda. Durante o workshop de dois dias, o perfil do grupo-alvo foi aperfei\u00e7oado e foram lan\u00e7adas as bases para a recolha de dados. Nas entrevistas, \u00e9 necess\u00e1rio identificar as compet\u00eancias relevantes na perspetiva das pessoas afectadas, que s\u00e3o necess\u00e1rias para uma gest\u00e3o de crises bem sucedida a n\u00edvel individual e organizacional. As experi\u00eancias em torno da COVID-19 ser\u00e3o incorporadas e transformadas em experi\u00eancias de aprendizagem inovadoras.<\/p>\n\n\n\n<h4 class=\"wp-block-heading\">Forma\u00e7\u00e3o baseada na Web<\/h4>\n\n\n\n<p>Ser\u00e1 implementada uma combina\u00e7\u00e3o de v\u00e1rios ambientes de aprendizagem. Com a cria\u00e7\u00e3o de uma ferramenta de avalia\u00e7\u00e3o, os recursos individuais e organizacionais podem ser avaliados. A equipa do projeto desenvolver\u00e1 um programa de forma\u00e7\u00e3o baseado na Web, permitindo a aprendizagem autodeterminada atrav\u00e9s de unidades de microaprendizagem. Estas ser\u00e3o complementadas com semin\u00e1rios em linha e sess\u00f5es presenciais. Outro foco \u00e9 o desenvolvimento de estudos de caso de crise simulados, baseados em cen\u00e1rios reais, que ajudem os participantes a aprender formas mais eficientes de lidar com estrat\u00e9gias complexas de resolu\u00e7\u00e3o de problemas e de lidar com eles.<\/p>\n\n\n\n<figure class=\"wp-block-image size-medium\"><a href=\"https:\/\/empower4pandemias.eu\/wp-content\/uploads\/2022\/11\/www-meinbezirk-at-hall-rum-c-wirtschaft-spannendes-projekt-an-der-umit-hall-mit-internationaler-beteiligung_a5450557-gallery-null.jpg\"><img loading=\"lazy\" decoding=\"async\" width=\"193\" height=\"300\" src=\"https:\/\/empower4pandemias.eu\/wp-content\/uploads\/2022\/11\/www-meinbezirk-at-hall-rum-c-wirtschaft-spannendes-projekt-an-der-umit-hall-mit-internationaler-beteiligung_a5450557-gallery-null-193x300.jpg\" alt=\"published on meinbezirk.at at Jul. 3, 2022\" class=\"wp-image-215\" srcset=\"https:\/\/empower4pandemias.eu\/wp-content\/uploads\/2022\/11\/www-meinbezirk-at-hall-rum-c-wirtschaft-spannendes-projekt-an-der-umit-hall-mit-internationaler-beteiligung_a5450557-gallery-null-193x300.jpg 193w, https:\/\/empower4pandemias.eu\/wp-content\/uploads\/2022\/11\/www-meinbezirk-at-hall-rum-c-wirtschaft-spannendes-projekt-an-der-umit-hall-mit-internationaler-beteiligung_a5450557-gallery-null-659x1024.jpg 659w, https:\/\/empower4pandemias.eu\/wp-content\/uploads\/2022\/11\/www-meinbezirk-at-hall-rum-c-wirtschaft-spannendes-projekt-an-der-umit-hall-mit-internationaler-beteiligung_a5450557-gallery-null-768x1193.jpg 768w, https:\/\/empower4pandemias.eu\/wp-content\/uploads\/2022\/11\/www-meinbezirk-at-hall-rum-c-wirtschaft-spannendes-projekt-an-der-umit-hall-mit-internationaler-beteiligung_a5450557-gallery-null-989x1536.jpg 989w, https:\/\/empower4pandemias.eu\/wp-content\/uploads\/2022\/11\/www-meinbezirk-at-hall-rum-c-wirtschaft-spannendes-projekt-an-der-umit-hall-mit-internationaler-beteiligung_a5450557-gallery-null.jpg 1280w\" sizes=\"auto, (max-width: 193px) 100vw, 193px\" \/><\/a><\/figure>\n","protected":false},"excerpt":{"rendered":"<p>A UMIT TIROL est\u00e1 a desenvolver um programa de forma\u00e7\u00e3o para refor\u00e7ar a resili\u00eancia mental com parceiros internacionais. Publicado em meinbezirk.at HALL. No final de junho de 2022, os parceiros do projeto financiado pelo programa Erasmus+ &#8220;Empowerment for Pandemias&#8221; reuniram-se no campus universit\u00e1rio da UMIT TIROL em Hall. Seguindo o lema &#8220;For Stronger Organisations and&hellip;&nbsp;<a href=\"https:\/\/empower4pandemias.eu\/pt-pt\/projeto-emocionante-na-umit-hall-com-participacao-internacional\/\" rel=\"bookmark\">Ler mais &raquo;<span class=\"screen-reader-text\">Projeto entusiasmante na UMIT Hall com participa\u00e7\u00e3o internacional<\/span><\/a><\/p>\n","protected":false},"author":5,"featured_media":462,"comment_status":"closed","ping_status":"closed","sticky":false,"template":"","format":"standard","meta":{"neve_meta_sidebar":"","neve_meta_container":"","neve_meta_enable_content_width":"","neve_meta_content_width":0,"neve_meta_title_alignment":"","neve_meta_author_avatar":"","neve_post_elements_order":"","neve_meta_disable_header":"","neve_meta_disable_footer":"","neve_meta_disable_title":"","_themeisle_gutenberg_block_has_review":false,"footnotes":""},"categories":[10],"tags":[],"class_list":["post-947","post","type-post","status-publish","format-standard","has-post-thumbnail","hentry","category-sem-categoria"],"_links":{"self":[{"href":"https:\/\/empower4pandemias.eu\/pt-pt\/wp-json\/wp\/v2\/posts\/947","targetHints":{"allow":["GET"]}}],"collection":[{"href":"https:\/\/empower4pandemias.eu\/pt-pt\/wp-json\/wp\/v2\/posts"}],"about":[{"href":"https:\/\/empower4pandemias.eu\/pt-pt\/wp-json\/wp\/v2\/types\/post"}],"author":[{"embeddable":true,"href":"https:\/\/empower4pandemias.eu\/pt-pt\/wp-json\/wp\/v2\/users\/5"}],"replies":[{"embeddable":true,"href":"https:\/\/empower4pandemias.eu\/pt-pt\/wp-json\/wp\/v2\/comments?post=947"}],"version-history":[{"count":3,"href":"https:\/\/empower4pandemias.eu\/pt-pt\/wp-json\/wp\/v2\/posts\/947\/revisions"}],"predecessor-version":[{"id":951,"href":"https:\/\/empower4pandemias.eu\/pt-pt\/wp-json\/wp\/v2\/posts\/947\/revisions\/951"}],"wp:featuredmedia":[{"embeddable":true,"href":"https:\/\/empower4pandemias.eu\/pt-pt\/wp-json\/wp\/v2\/media\/462"}],"wp:attachment":[{"href":"https:\/\/empower4pandemias.eu\/pt-pt\/wp-json\/wp\/v2\/media?parent=947"}],"wp:term":[{"taxonomy":"category","embeddable":true,"href":"https:\/\/empower4pandemias.eu\/pt-pt\/wp-json\/wp\/v2\/categories?post=947"},{"taxonomy":"post_tag","embeddable":true,"href":"https:\/\/empower4pandemias.eu\/pt-pt\/wp-json\/wp\/v2\/tags?post=947"}],"curies":[{"name":"wp","href":"https:\/\/api.w.org\/{rel}","templated":true}]}}