{"id":940,"date":"2023-11-27T14:00:09","date_gmt":"2023-11-27T12:00:09","guid":{"rendered":"https:\/\/empower4pandemias.eu\/project-meeting-in-austria\/"},"modified":"2024-04-18T00:09:49","modified_gmt":"2024-04-17T22:09:49","slug":"project-meeting-in-austria","status":"publish","type":"post","link":"https:\/\/empower4pandemias.eu\/de\/project-meeting-in-austria\/","title":{"rendered":"Projekttreffen in \u00d6sterreich"},"content":{"rendered":"\n<p>Update von unserem Erasmus+ Projekt Empowerment4Pandemias Treffen an der <a href=\"https:\/\/www.linkedin.com\/company\/umittirol\/\">Tiroler Privatuniversit\u00e4t UMIT TIROL<\/a> in Hall letzte Woche:<\/p>\n\n\n\n<p>Wir hatten produktive Diskussionen \u00fcber das Bewertungstool f\u00fcr organisatorische Pandemie-Resilienz und arbeiteten an unserem Blended-Learning-Trainingsprogramm.<\/p>\n\n\n\n<p>Das Resilienztraining wird einem Blended-Learning-Konzept folgen, das den Peer-Austausch f\u00fcr verbessertes Lernen nutzt, w\u00e4hrend E-Learning die f\u00fcr Gesundheitsfachkr\u00e4fte essentielle Flexibilit\u00e4t bietet.<\/p>\n\n\n\n<p>Zudem wird eine praktische Fallstudie f\u00fcr die direkte Anwendung integriert.<\/p>\n\n\n\n<p>Gemeinsam Resilienz aufbauen! \ud83d\udca1\ud83d\udcaa<\/p>\n\n\n\n<p><a href=\"https:\/\/www.linkedin.com\/feed\/hashtag\/?keywords=healthcare&amp;highlightedUpdateUrns=urn%3Ali%3Aactivity%3A7134886391456366592\">#Empowerment4Pandemien#ErasmusPlus#BlendedLearning#PandemieResilienz#Resilienztraining#Gesundheitswesen<\/a><\/p>\n","protected":false},"excerpt":{"rendered":"<p>Update von unserem Erasmus+ Projekt Empowerment4Pandemias Treffen an der Tiroler Privatuniversit\u00e4t UMIT TIROL in Hall letzte Woche: Wir hatten produktive Diskussionen \u00fcber das Bewertungstool f\u00fcr organisatorische Pandemie-Resilienz und arbeiteten an unserem Blended-Learning-Trainingsprogramm. Das Resilienztraining wird einem Blended-Learning-Konzept folgen, das den Peer-Austausch f\u00fcr verbessertes Lernen nutzt, w\u00e4hrend E-Learning die f\u00fcr Gesundheitsfachkr\u00e4fte essentielle Flexibilit\u00e4t bietet. Zudem wird&hellip;&nbsp;<a href=\"https:\/\/empower4pandemias.eu\/de\/project-meeting-in-austria\/\" rel=\"bookmark\">Weiterlesen &raquo;<span class=\"screen-reader-text\">Projekttreffen in \u00d6sterreich<\/span><\/a><\/p>\n","protected":false},"author":3,"featured_media":627,"comment_status":"open","ping_status":"open","sticky":false,"template":"","format":"standard","meta":{"neve_meta_sidebar":"","neve_meta_container":"","neve_meta_enable_content_width":"","neve_meta_content_width":0,"neve_meta_title_alignment":"","neve_meta_author_avatar":"","neve_post_elements_order":"","neve_meta_disable_header":"","neve_meta_disable_footer":"","neve_meta_disable_title":"","_themeisle_gutenberg_block_has_review":false,"footnotes":""},"categories":[39,40],"tags":[],"class_list":["post-940","post","type-post","status-publish","format-standard","has-post-thumbnail","hentry","category-mention-de","category-news-post-de"],"_links":{"self":[{"href":"https:\/\/empower4pandemias.eu\/de\/wp-json\/wp\/v2\/posts\/940","targetHints":{"allow":["GET"]}}],"collection":[{"href":"https:\/\/empower4pandemias.eu\/de\/wp-json\/wp\/v2\/posts"}],"about":[{"href":"https:\/\/empower4pandemias.eu\/de\/wp-json\/wp\/v2\/types\/post"}],"author":[{"embeddable":true,"href":"https:\/\/empower4pandemias.eu\/de\/wp-json\/wp\/v2\/users\/3"}],"replies":[{"embeddable":true,"href":"https:\/\/empower4pandemias.eu\/de\/wp-json\/wp\/v2\/comments?post=940"}],"version-history":[{"count":4,"href":"https:\/\/empower4pandemias.eu\/de\/wp-json\/wp\/v2\/posts\/940\/revisions"}],"predecessor-version":[{"id":964,"href":"https:\/\/empower4pandemias.eu\/de\/wp-json\/wp\/v2\/posts\/940\/revisions\/964"}],"wp:featuredmedia":[{"embeddable":true,"href":"https:\/\/empower4pandemias.eu\/de\/wp-json\/wp\/v2\/media\/627"}],"wp:attachment":[{"href":"https:\/\/empower4pandemias.eu\/de\/wp-json\/wp\/v2\/media?parent=940"}],"wp:term":[{"taxonomy":"category","embeddable":true,"href":"https:\/\/empower4pandemias.eu\/de\/wp-json\/wp\/v2\/categories?post=940"},{"taxonomy":"post_tag","embeddable":true,"href":"https:\/\/empower4pandemias.eu\/de\/wp-json\/wp\/v2\/tags?post=940"}],"curies":[{"name":"wp","href":"https:\/\/api.w.org\/{rel}","templated":true}]}}